{"id":220,"date":"2013-08-23T11:29:35","date_gmt":"2013-08-23T11:29:35","guid":{"rendered":"http:\/\/alpentouren.net\/?p=220"},"modified":"2023-07-30T21:13:43","modified_gmt":"2023-07-30T21:13:43","slug":"col-du-galibier","status":"publish","type":"post","link":"https:\/\/alpentouren.net\/?p=220","title":{"rendered":"2 &#8211; Col du Galibier"},"content":{"rendered":"<p>ngg_shortcode_0_placeholderWer auf den Galibier hinauff\u00e4hrt, \u00fcberwindet auf 40 Kilometern einen H\u00f6henunterschied von 1933 Meter. Das bedeutet herrliche Schr\u00e4glagen und Kurven ohne Ende. Auch die Aussicht vom Pass ist grandios.<\/p>\n<p>H\u00f6he: 2642 m<br \/>\nLand: Frankreich, Hochsavoyen<br \/>\nDenzel-Nummer: 337<br \/>\nSelbst gefahren: <img loading=\"lazy\" decoding=\"async\" src=\"https:\/\/alpentouren.net\/wp-content\/uploads\/2013\/08\/gruen.gif\" alt=\"gruen\" width=\"10\" height=\"10\"> <span style=\"color: #008000;\">1994 <img loading=\"lazy\" decoding=\"async\" src=\"https:\/\/alpentouren.net\/wp-content\/uploads\/2013\/08\/gruen.gif\" alt=\"gruen\" width=\"10\" height=\"10\"> <span style=\"color: #008000;\">2014 <img loading=\"lazy\" decoding=\"async\" src=\"https:\/\/alpentouren.net\/wp-content\/uploads\/2013\/08\/gruen.gif\" alt=\"gruen\" width=\"10\" height=\"10\"> 2023<\/span><\/span><\/p>\nngg_shortcode_1_placeholder\n","protected":false},"excerpt":{"rendered":"<p>Wer auf den Galibier hinauff\u00e4hrt, \u00fcberwindet auf 40 Kilometern einen H\u00f6henunterschied von 1933 Meter. Das bedeutet herrliche Schr\u00e4glagen und Kurven ohne Ende. Auch die Aussicht vom Pass ist grandios. H\u00f6he: 2642 m Land: Frankreich, Hochsavoyen Denzel-Nummer: 337 Selbst gefahren: 1994 2014 2023 &nbsp;<\/p>\n","protected":false},"author":1,"featured_media":1291,"comment_status":"closed","ping_status":"open","sticky":false,"template":"","format":"standard","meta":{"ngg_post_thumbnail":0,"footnotes":""},"categories":[5],"tags":[],"class_list":["post-220","post","type-post","status-publish","format-standard","has-post-thumbnail","hentry","category-frankreich"],"_links":{"self":[{"href":"https:\/\/alpentouren.net\/index.php?rest_route=\/wp\/v2\/posts\/220"}],"collection":[{"href":"https:\/\/alpentouren.net\/index.php?rest_route=\/wp\/v2\/posts"}],"about":[{"href":"https:\/\/alpentouren.net\/index.php?rest_route=\/wp\/v2\/types\/post"}],"author":[{"embeddable":true,"href":"https:\/\/alpentouren.net\/index.php?rest_route=\/wp\/v2\/users\/1"}],"replies":[{"embeddable":true,"href":"https:\/\/alpentouren.net\/index.php?rest_route=%2Fwp%2Fv2%2Fcomments&post=220"}],"version-history":[{"count":19,"href":"https:\/\/alpentouren.net\/index.php?rest_route=\/wp\/v2\/posts\/220\/revisions"}],"predecessor-version":[{"id":3320,"href":"https:\/\/alpentouren.net\/index.php?rest_route=\/wp\/v2\/posts\/220\/revisions\/3320"}],"wp:featuredmedia":[{"embeddable":true,"href":"https:\/\/alpentouren.net\/index.php?rest_route=\/wp\/v2\/media\/1291"}],"wp:attachment":[{"href":"https:\/\/alpentouren.net\/index.php?rest_route=%2Fwp%2Fv2%2Fmedia&parent=220"}],"wp:term":[{"taxonomy":"category","embeddable":true,"href":"https:\/\/alpentouren.net\/index.php?rest_route=%2Fwp%2Fv2%2Fcategories&post=220"},{"taxonomy":"post_tag","embeddable":true,"href":"https:\/\/alpentouren.net\/index.php?rest_route=%2Fwp%2Fv2%2Ftags&post=220"}],"curies":[{"name":"wp","href":"https:\/\/api.w.org\/{rel}","templated":true}]}}