{"id":233,"date":"2013-08-23T11:47:47","date_gmt":"2013-08-23T11:47:47","guid":{"rendered":"http:\/\/alpentouren.net\/?p=233"},"modified":"2020-11-20T21:31:24","modified_gmt":"2020-11-20T21:31:24","slug":"pordoijoch","status":"publish","type":"post","link":"https:\/\/alpentouren.net\/?p=233","title":{"rendered":"5 &#8211; Pordoijoch"},"content":{"rendered":"<p>ngg_shortcode_0_placeholderH\u00f6chster Pass der Dolomiten, gr\u00f6\u00dfte Anzahl von Kurven, super Ausblicke: Das Pordoijoch setzt einer Dolomiten Rundfahrt die Krone auf. Die Strasse gilt als Route der Superlative mit 33 nummerierten Kehren.<\/p>\n<p>H\u00f6he: 2239 m<br \/>\nLand: Italien, Dolomiten<br \/>\nDenzel-Nummer: 198<br \/>\nSelbst gefahren: <img loading=\"lazy\" decoding=\"async\" src=\"https:\/\/alpentouren.net\/wp-content\/uploads\/2013\/08\/gruen.gif\" alt=\"gruen\" width=\"10\" height=\"10\"><span style=\"color: #008000;\"> 1998<\/span><span style=\"color: #008000;\"> <img loading=\"lazy\" decoding=\"async\" src=\"https:\/\/alpentouren.net\/wp-content\/uploads\/2013\/08\/gruen.gif\" alt=\"gruen\" width=\"10\" height=\"10\"> 2009<\/span><\/p>\nngg_shortcode_1_placeholder\n","protected":false},"excerpt":{"rendered":"<p>H\u00f6chster Pass der Dolomiten, gr\u00f6\u00dfte Anzahl von Kurven, super Ausblicke: Das Pordoijoch setzt einer Dolomiten Rundfahrt die Krone auf. Die Strasse gilt als Route der Superlative mit 33 nummerierten Kehren. H\u00f6he: 2239 m Land: Italien, Dolomiten Denzel-Nummer: 198 Selbst gefahren: 1998 2009 &nbsp;<\/p>\n","protected":false},"author":1,"featured_media":422,"comment_status":"closed","ping_status":"open","sticky":false,"template":"","format":"standard","meta":{"ngg_post_thumbnail":0,"footnotes":""},"categories":[4],"tags":[],"class_list":["post-233","post","type-post","status-publish","format-standard","has-post-thumbnail","hentry","category-italien"],"_links":{"self":[{"href":"https:\/\/alpentouren.net\/index.php?rest_route=\/wp\/v2\/posts\/233"}],"collection":[{"href":"https:\/\/alpentouren.net\/index.php?rest_route=\/wp\/v2\/posts"}],"about":[{"href":"https:\/\/alpentouren.net\/index.php?rest_route=\/wp\/v2\/types\/post"}],"author":[{"embeddable":true,"href":"https:\/\/alpentouren.net\/index.php?rest_route=\/wp\/v2\/users\/1"}],"replies":[{"embeddable":true,"href":"https:\/\/alpentouren.net\/index.php?rest_route=%2Fwp%2Fv2%2Fcomments&post=233"}],"version-history":[{"count":6,"href":"https:\/\/alpentouren.net\/index.php?rest_route=\/wp\/v2\/posts\/233\/revisions"}],"predecessor-version":[{"id":2968,"href":"https:\/\/alpentouren.net\/index.php?rest_route=\/wp\/v2\/posts\/233\/revisions\/2968"}],"wp:featuredmedia":[{"embeddable":true,"href":"https:\/\/alpentouren.net\/index.php?rest_route=\/wp\/v2\/media\/422"}],"wp:attachment":[{"href":"https:\/\/alpentouren.net\/index.php?rest_route=%2Fwp%2Fv2%2Fmedia&parent=233"}],"wp:term":[{"taxonomy":"category","embeddable":true,"href":"https:\/\/alpentouren.net\/index.php?rest_route=%2Fwp%2Fv2%2Fcategories&post=233"},{"taxonomy":"post_tag","embeddable":true,"href":"https:\/\/alpentouren.net\/index.php?rest_route=%2Fwp%2Fv2%2Ftags&post=233"}],"curies":[{"name":"wp","href":"https:\/\/api.w.org\/{rel}","templated":true}]}}