{"id":241,"date":"2013-08-23T11:48:32","date_gmt":"2013-08-23T11:48:32","guid":{"rendered":"http:\/\/alpentouren.net\/?p=241"},"modified":"2020-11-20T21:27:06","modified_gmt":"2020-11-20T21:27:06","slug":"giaupass","status":"publish","type":"post","link":"https:\/\/alpentouren.net\/?p=241","title":{"rendered":"9 &#8211; Giaupass"},"content":{"rendered":"<p>ngg_shortcode_0_placeholderDie Strasse \u00fcber den Giaupass ist zwar nicht sehr lang, sie hat es aber in sich: \u00dcber 50 Kehren warten auf den Biker. Eine perfekt ausgebaute, breite Fahrbahn f\u00fchrt in nicht mehr enden wollenden Serpentinen zum Himmel.<\/p>\n<p>H\u00f6he: 2236 m<br \/>\nLand: Italien, Dolomiten<br \/>\nDenzel-Nummer: 188<br \/>\nSelbst gefahren: <img loading=\"lazy\" decoding=\"async\" src=\"https:\/\/alpentouren.net\/wp-content\/uploads\/2013\/08\/gruen.gif\" alt=\"gruen\" width=\"10\" height=\"10\"><span style=\"color: #008000;\"> 1998<\/span><span style=\"color: #008000;\"> <img loading=\"lazy\" decoding=\"async\" src=\"https:\/\/alpentouren.net\/wp-content\/uploads\/2013\/08\/gruen.gif\" alt=\"gruen\" width=\"10\" height=\"10\"> 2009<\/span><\/p>\nngg_shortcode_1_placeholder\n","protected":false},"excerpt":{"rendered":"<p>Die Strasse \u00fcber den Giaupass ist zwar nicht sehr lang, sie hat es aber in sich: \u00dcber 50 Kehren warten auf den Biker. Eine perfekt ausgebaute, breite Fahrbahn f\u00fchrt in nicht mehr enden wollenden Serpentinen zum Himmel. H\u00f6he: 2236 m Land: Italien, Dolomiten Denzel-Nummer: 188 Selbst gefahren: 1998 2009 &nbsp;<\/p>\n","protected":false},"author":1,"featured_media":435,"comment_status":"closed","ping_status":"open","sticky":false,"template":"","format":"standard","meta":{"ngg_post_thumbnail":0,"footnotes":""},"categories":[4],"tags":[],"class_list":["post-241","post","type-post","status-publish","format-standard","has-post-thumbnail","hentry","category-italien"],"_links":{"self":[{"href":"https:\/\/alpentouren.net\/index.php?rest_route=\/wp\/v2\/posts\/241"}],"collection":[{"href":"https:\/\/alpentouren.net\/index.php?rest_route=\/wp\/v2\/posts"}],"about":[{"href":"https:\/\/alpentouren.net\/index.php?rest_route=\/wp\/v2\/types\/post"}],"author":[{"embeddable":true,"href":"https:\/\/alpentouren.net\/index.php?rest_route=\/wp\/v2\/users\/1"}],"replies":[{"embeddable":true,"href":"https:\/\/alpentouren.net\/index.php?rest_route=%2Fwp%2Fv2%2Fcomments&post=241"}],"version-history":[{"count":7,"href":"https:\/\/alpentouren.net\/index.php?rest_route=\/wp\/v2\/posts\/241\/revisions"}],"predecessor-version":[{"id":2956,"href":"https:\/\/alpentouren.net\/index.php?rest_route=\/wp\/v2\/posts\/241\/revisions\/2956"}],"wp:featuredmedia":[{"embeddable":true,"href":"https:\/\/alpentouren.net\/index.php?rest_route=\/wp\/v2\/media\/435"}],"wp:attachment":[{"href":"https:\/\/alpentouren.net\/index.php?rest_route=%2Fwp%2Fv2%2Fmedia&parent=241"}],"wp:term":[{"taxonomy":"category","embeddable":true,"href":"https:\/\/alpentouren.net\/index.php?rest_route=%2Fwp%2Fv2%2Fcategories&post=241"},{"taxonomy":"post_tag","embeddable":true,"href":"https:\/\/alpentouren.net\/index.php?rest_route=%2Fwp%2Fv2%2Ftags&post=241"}],"curies":[{"name":"wp","href":"https:\/\/api.w.org\/{rel}","templated":true}]}}