{"id":245,"date":"2013-08-23T11:48:53","date_gmt":"2013-08-23T11:48:53","guid":{"rendered":"http:\/\/alpentouren.net\/?p=245"},"modified":"2022-07-02T23:12:12","modified_gmt":"2022-07-02T23:12:12","slug":"umbrailpass","status":"publish","type":"post","link":"https:\/\/alpentouren.net\/?p=245","title":{"rendered":"11 &#8211; Umbrailpass"},"content":{"rendered":"<p>ngg_shortcode_0_placeholderKaum eine Pass-Strasse gl\u00e4nzt mit so vielen Spitzkehren wie die Auffahrt zum Umbrailpass. Auf nur 16 Kilometern 35 Spitzkehren. Der H\u00f6henunterschied: \u00fcber 1100 Meter. Eine nicht mehr enden wollende Achterbahn.<\/p>\n<p>H\u00f6he: 2503 m<br \/>\nLand: Schweiz, Ostschweiz\/Graub\u00fcnden<br \/>\nDenzel-Nummer: 88<br \/>\nSelbst gefahren: <img loading=\"lazy\" decoding=\"async\" src=\"https:\/\/alpentouren.net\/wp-content\/uploads\/2013\/08\/gruen.gif\" alt=\"gruen\" width=\"10\" height=\"10\"> <span style=\"color: #008000;\">2007 <img loading=\"lazy\" decoding=\"async\" src=\"https:\/\/alpentouren.net\/wp-content\/uploads\/2013\/08\/gruen.gif\" alt=\"gruen\" width=\"10\" height=\"10\"> 2013 <img loading=\"lazy\" decoding=\"async\" src=\"https:\/\/alpentouren.net\/wp-content\/uploads\/2013\/08\/gruen.gif\" alt=\"gruen\" width=\"10\" height=\"10\"> 2016 <img loading=\"lazy\" decoding=\"async\" src=\"https:\/\/alpentouren.net\/wp-content\/uploads\/2013\/08\/gruen.gif\" alt=\"gruen\" width=\"10\" height=\"10\"> 2022<br \/>\n<\/span><\/p>\nngg_shortcode_1_placeholder\n","protected":false},"excerpt":{"rendered":"<p>Kaum eine Pass-Strasse gl\u00e4nzt mit so vielen Spitzkehren wie die Auffahrt zum Umbrailpass. Auf nur 16 Kilometern 35 Spitzkehren. Der H\u00f6henunterschied: \u00fcber 1100 Meter. Eine nicht mehr enden wollende Achterbahn. H\u00f6he: 2503 m Land: Schweiz, Ostschweiz\/Graub\u00fcnden Denzel-Nummer: 88 Selbst gefahren: 2007 2013 2016 2022 &nbsp;<\/p>\n","protected":false},"author":1,"featured_media":438,"comment_status":"closed","ping_status":"open","sticky":false,"template":"","format":"standard","meta":{"ngg_post_thumbnail":0,"footnotes":""},"categories":[6],"tags":[],"class_list":["post-245","post","type-post","status-publish","format-standard","has-post-thumbnail","hentry","category-schweiz"],"_links":{"self":[{"href":"https:\/\/alpentouren.net\/index.php?rest_route=\/wp\/v2\/posts\/245"}],"collection":[{"href":"https:\/\/alpentouren.net\/index.php?rest_route=\/wp\/v2\/posts"}],"about":[{"href":"https:\/\/alpentouren.net\/index.php?rest_route=\/wp\/v2\/types\/post"}],"author":[{"embeddable":true,"href":"https:\/\/alpentouren.net\/index.php?rest_route=\/wp\/v2\/users\/1"}],"replies":[{"embeddable":true,"href":"https:\/\/alpentouren.net\/index.php?rest_route=%2Fwp%2Fv2%2Fcomments&post=245"}],"version-history":[{"count":8,"href":"https:\/\/alpentouren.net\/index.php?rest_route=\/wp\/v2\/posts\/245\/revisions"}],"predecessor-version":[{"id":3163,"href":"https:\/\/alpentouren.net\/index.php?rest_route=\/wp\/v2\/posts\/245\/revisions\/3163"}],"wp:featuredmedia":[{"embeddable":true,"href":"https:\/\/alpentouren.net\/index.php?rest_route=\/wp\/v2\/media\/438"}],"wp:attachment":[{"href":"https:\/\/alpentouren.net\/index.php?rest_route=%2Fwp%2Fv2%2Fmedia&parent=245"}],"wp:term":[{"taxonomy":"category","embeddable":true,"href":"https:\/\/alpentouren.net\/index.php?rest_route=%2Fwp%2Fv2%2Fcategories&post=245"},{"taxonomy":"post_tag","embeddable":true,"href":"https:\/\/alpentouren.net\/index.php?rest_route=%2Fwp%2Fv2%2Ftags&post=245"}],"curies":[{"name":"wp","href":"https:\/\/api.w.org\/{rel}","templated":true}]}}