{"id":247,"date":"2013-08-23T11:49:04","date_gmt":"2013-08-23T11:49:04","guid":{"rendered":"http:\/\/alpentouren.net\/?p=247"},"modified":"2023-07-30T21:12:59","modified_gmt":"2023-07-30T21:12:59","slug":"col-de-liseran","status":"publish","type":"post","link":"https:\/\/alpentouren.net\/?p=247","title":{"rendered":"12 &#8211; Col de l&#8217;Iseran"},"content":{"rendered":"<p>ngg_shortcode_0_placeholderDie Strasse zum Col de l&#8217;Iseran f\u00fchrt durch ein Gletscher-Panorama, das uns direkt in die Eiszeit zur\u00fcckversetzt. Damit ist er ein Muss f\u00fcr jeden Fan des ewigen Eises. Schon die Auffahrt zeigt eine malerische Kulisse.<\/p>\n<p>H\u00f6he: 2770 m<br \/>\nLand: Frankreich, Hochsavoyen<br \/>\nDenzel-Nummer: 331<br \/>\nSelbst gefahren: <img loading=\"lazy\" decoding=\"async\" src=\"https:\/\/alpentouren.net\/wp-content\/uploads\/2013\/08\/gruen.gif\" alt=\"gruen\" width=\"10\" height=\"10\"><span style=\"color: #008000;\"> 1994<\/span><span style=\"color: #008000;\"> <img loading=\"lazy\" decoding=\"async\" src=\"https:\/\/alpentouren.net\/wp-content\/uploads\/2013\/08\/gruen.gif\" alt=\"gruen\" width=\"10\" height=\"10\"> 2006 <span style=\"color: #008000;\"><img loading=\"lazy\" decoding=\"async\" src=\"https:\/\/alpentouren.net\/wp-content\/uploads\/2013\/08\/gruen.gif\" alt=\"gruen\" width=\"10\" height=\"10\"> 2014 <img loading=\"lazy\" decoding=\"async\" src=\"https:\/\/alpentouren.net\/wp-content\/uploads\/2013\/08\/gruen.gif\" alt=\"gruen\" width=\"10\" height=\"10\"> 2023<\/span><\/span><\/p>\nngg_shortcode_1_placeholder\n","protected":false},"excerpt":{"rendered":"<p>Die Strasse zum Col de l&#8217;Iseran f\u00fchrt durch ein Gletscher-Panorama, das uns direkt in die Eiszeit zur\u00fcckversetzt. Damit ist er ein Muss f\u00fcr jeden Fan des ewigen Eises. Schon die Auffahrt zeigt eine malerische Kulisse. H\u00f6he: 2770 m Land: Frankreich, Hochsavoyen Denzel-Nummer: 331 Selbst gefahren: 1994 2006 2014 2023 &nbsp;<\/p>\n","protected":false},"author":1,"featured_media":1318,"comment_status":"closed","ping_status":"open","sticky":false,"template":"","format":"standard","meta":{"ngg_post_thumbnail":0,"footnotes":""},"categories":[5],"tags":[],"class_list":["post-247","post","type-post","status-publish","format-standard","has-post-thumbnail","hentry","category-frankreich"],"_links":{"self":[{"href":"https:\/\/alpentouren.net\/index.php?rest_route=\/wp\/v2\/posts\/247"}],"collection":[{"href":"https:\/\/alpentouren.net\/index.php?rest_route=\/wp\/v2\/posts"}],"about":[{"href":"https:\/\/alpentouren.net\/index.php?rest_route=\/wp\/v2\/types\/post"}],"author":[{"embeddable":true,"href":"https:\/\/alpentouren.net\/index.php?rest_route=\/wp\/v2\/users\/1"}],"replies":[{"embeddable":true,"href":"https:\/\/alpentouren.net\/index.php?rest_route=%2Fwp%2Fv2%2Fcomments&post=247"}],"version-history":[{"count":9,"href":"https:\/\/alpentouren.net\/index.php?rest_route=\/wp\/v2\/posts\/247\/revisions"}],"predecessor-version":[{"id":3317,"href":"https:\/\/alpentouren.net\/index.php?rest_route=\/wp\/v2\/posts\/247\/revisions\/3317"}],"wp:featuredmedia":[{"embeddable":true,"href":"https:\/\/alpentouren.net\/index.php?rest_route=\/wp\/v2\/media\/1318"}],"wp:attachment":[{"href":"https:\/\/alpentouren.net\/index.php?rest_route=%2Fwp%2Fv2%2Fmedia&parent=247"}],"wp:term":[{"taxonomy":"category","embeddable":true,"href":"https:\/\/alpentouren.net\/index.php?rest_route=%2Fwp%2Fv2%2Fcategories&post=247"},{"taxonomy":"post_tag","embeddable":true,"href":"https:\/\/alpentouren.net\/index.php?rest_route=%2Fwp%2Fv2%2Ftags&post=247"}],"curies":[{"name":"wp","href":"https:\/\/api.w.org\/{rel}","templated":true}]}}