{"id":255,"date":"2013-08-23T11:49:56","date_gmt":"2013-08-23T11:49:56","guid":{"rendered":"http:\/\/alpentouren.net\/?p=255"},"modified":"2021-09-14T12:33:36","modified_gmt":"2021-09-14T12:33:36","slug":"san-bernardino","status":"publish","type":"post","link":"https:\/\/alpentouren.net\/?p=255","title":{"rendered":"16 &#8211; San Bernardino"},"content":{"rendered":"<p>ngg_shortcode_0_placeholderDie Route \u00fcber den San Bernardino f\u00fchrt mitten durch ein malerisches Panorama von T\u00e4lern und Schluchten. Exzellentes Fahrerlebnis, k\u00fchn gespannte Br\u00fccken, traumhafte Ausblicke, ideale Lage.<\/p>\n<p>H\u00f6he: 2066 m<br \/>\nLand: Schweiz, Ostschweiz\/Graub\u00fcnden<br \/>\nDenzel-Nummer: 95<br \/>\nSelbst gefahren: <img loading=\"lazy\" decoding=\"async\" src=\"https:\/\/alpentouren.net\/wp-content\/uploads\/2013\/08\/gruen.gif\" alt=\"gruen\" width=\"10\" height=\"10\"> <span style=\"color: #008000;\">2007 <img loading=\"lazy\" decoding=\"async\" src=\"https:\/\/alpentouren.net\/wp-content\/uploads\/2013\/08\/gruen.gif\" alt=\"gruen\" width=\"10\" height=\"10\"> 2013 <img loading=\"lazy\" decoding=\"async\" src=\"https:\/\/alpentouren.net\/wp-content\/uploads\/2013\/08\/gruen.gif\" alt=\"gruen\" width=\"10\" height=\"10\"> 2021<br \/>\n<\/span><\/p>\nngg_shortcode_1_placeholder\n","protected":false},"excerpt":{"rendered":"<p>Die Route \u00fcber den San Bernardino f\u00fchrt mitten durch ein malerisches Panorama von T\u00e4lern und Schluchten. Exzellentes Fahrerlebnis, k\u00fchn gespannte Br\u00fccken, traumhafte Ausblicke, ideale Lage. H\u00f6he: 2066 m Land: Schweiz, Ostschweiz\/Graub\u00fcnden Denzel-Nummer: 95 Selbst gefahren: 2007 2013 2021 &nbsp;<\/p>\n","protected":false},"author":1,"featured_media":440,"comment_status":"closed","ping_status":"open","sticky":false,"template":"","format":"standard","meta":{"ngg_post_thumbnail":0,"footnotes":""},"categories":[6],"tags":[],"class_list":["post-255","post","type-post","status-publish","format-standard","has-post-thumbnail","hentry","category-schweiz"],"_links":{"self":[{"href":"https:\/\/alpentouren.net\/index.php?rest_route=\/wp\/v2\/posts\/255"}],"collection":[{"href":"https:\/\/alpentouren.net\/index.php?rest_route=\/wp\/v2\/posts"}],"about":[{"href":"https:\/\/alpentouren.net\/index.php?rest_route=\/wp\/v2\/types\/post"}],"author":[{"embeddable":true,"href":"https:\/\/alpentouren.net\/index.php?rest_route=\/wp\/v2\/users\/1"}],"replies":[{"embeddable":true,"href":"https:\/\/alpentouren.net\/index.php?rest_route=%2Fwp%2Fv2%2Fcomments&post=255"}],"version-history":[{"count":8,"href":"https:\/\/alpentouren.net\/index.php?rest_route=\/wp\/v2\/posts\/255\/revisions"}],"predecessor-version":[{"id":3077,"href":"https:\/\/alpentouren.net\/index.php?rest_route=\/wp\/v2\/posts\/255\/revisions\/3077"}],"wp:featuredmedia":[{"embeddable":true,"href":"https:\/\/alpentouren.net\/index.php?rest_route=\/wp\/v2\/media\/440"}],"wp:attachment":[{"href":"https:\/\/alpentouren.net\/index.php?rest_route=%2Fwp%2Fv2%2Fmedia&parent=255"}],"wp:term":[{"taxonomy":"category","embeddable":true,"href":"https:\/\/alpentouren.net\/index.php?rest_route=%2Fwp%2Fv2%2Fcategories&post=255"},{"taxonomy":"post_tag","embeddable":true,"href":"https:\/\/alpentouren.net\/index.php?rest_route=%2Fwp%2Fv2%2Ftags&post=255"}],"curies":[{"name":"wp","href":"https:\/\/api.w.org\/{rel}","templated":true}]}}