{"id":257,"date":"2013-08-23T11:50:28","date_gmt":"2013-08-23T11:50:28","guid":{"rendered":"http:\/\/alpentouren.net\/?p=257"},"modified":"2022-07-02T23:13:12","modified_gmt":"2022-07-02T23:13:12","slug":"flueelapass","status":"publish","type":"post","link":"https:\/\/alpentouren.net\/?p=257","title":{"rendered":"17 &#8211; Fl\u00fcelapass"},"content":{"rendered":"<p>ngg_shortcode_0_placeholderDer Fl\u00fcelapass ist nichts f\u00fcr Liebhaber vertr\u00e4umter Landschaften. Um so mehr aber macht er dem Kurven-Fan Freude. Zahlreiche Serpentinen, 1000 Meter H\u00f6henunterschied auf einer Strecke von gerade 26 Kilometern.<\/p>\n<p>H\u00f6he: 2383 m<br \/>\nLand: Schweiz, Ostschweiz\/Graub\u00fcnden<br \/>\nDenzel-Nummer: 78<br \/>\nSelbst gefahren: <img loading=\"lazy\" decoding=\"async\" src=\"https:\/\/alpentouren.net\/wp-content\/uploads\/2013\/08\/gruen.gif\" alt=\"gruen\" width=\"10\" height=\"10\"> <span style=\"color: #008000;\">2007 <img loading=\"lazy\" decoding=\"async\" src=\"https:\/\/alpentouren.net\/wp-content\/uploads\/2013\/08\/gruen.gif\" alt=\"gruen\" width=\"10\" height=\"10\"> 2013 <img loading=\"lazy\" decoding=\"async\" src=\"https:\/\/alpentouren.net\/wp-content\/uploads\/2013\/08\/gruen.gif\" alt=\"gruen\" width=\"10\" height=\"10\"> 2022<br \/>\n<\/span><\/p>\nngg_shortcode_1_placeholder\n","protected":false},"excerpt":{"rendered":"<p>Der Fl\u00fcelapass ist nichts f\u00fcr Liebhaber vertr\u00e4umter Landschaften. Um so mehr aber macht er dem Kurven-Fan Freude. Zahlreiche Serpentinen, 1000 Meter H\u00f6henunterschied auf einer Strecke von gerade 26 Kilometern. H\u00f6he: 2383 m Land: Schweiz, Ostschweiz\/Graub\u00fcnden Denzel-Nummer: 78 Selbst gefahren: 2007 2013 2022 &nbsp;<\/p>\n","protected":false},"author":1,"featured_media":441,"comment_status":"closed","ping_status":"open","sticky":false,"template":"","format":"standard","meta":{"ngg_post_thumbnail":0,"footnotes":""},"categories":[6],"tags":[],"class_list":["post-257","post","type-post","status-publish","format-standard","has-post-thumbnail","hentry","category-schweiz"],"_links":{"self":[{"href":"https:\/\/alpentouren.net\/index.php?rest_route=\/wp\/v2\/posts\/257"}],"collection":[{"href":"https:\/\/alpentouren.net\/index.php?rest_route=\/wp\/v2\/posts"}],"about":[{"href":"https:\/\/alpentouren.net\/index.php?rest_route=\/wp\/v2\/types\/post"}],"author":[{"embeddable":true,"href":"https:\/\/alpentouren.net\/index.php?rest_route=\/wp\/v2\/users\/1"}],"replies":[{"embeddable":true,"href":"https:\/\/alpentouren.net\/index.php?rest_route=%2Fwp%2Fv2%2Fcomments&post=257"}],"version-history":[{"count":7,"href":"https:\/\/alpentouren.net\/index.php?rest_route=\/wp\/v2\/posts\/257\/revisions"}],"predecessor-version":[{"id":3164,"href":"https:\/\/alpentouren.net\/index.php?rest_route=\/wp\/v2\/posts\/257\/revisions\/3164"}],"wp:featuredmedia":[{"embeddable":true,"href":"https:\/\/alpentouren.net\/index.php?rest_route=\/wp\/v2\/media\/441"}],"wp:attachment":[{"href":"https:\/\/alpentouren.net\/index.php?rest_route=%2Fwp%2Fv2%2Fmedia&parent=257"}],"wp:term":[{"taxonomy":"category","embeddable":true,"href":"https:\/\/alpentouren.net\/index.php?rest_route=%2Fwp%2Fv2%2Fcategories&post=257"},{"taxonomy":"post_tag","embeddable":true,"href":"https:\/\/alpentouren.net\/index.php?rest_route=%2Fwp%2Fv2%2Ftags&post=257"}],"curies":[{"name":"wp","href":"https:\/\/api.w.org\/{rel}","templated":true}]}}