{"id":259,"date":"2013-08-23T11:50:37","date_gmt":"2013-08-23T11:50:37","guid":{"rendered":"http:\/\/alpentouren.net\/?p=259"},"modified":"2021-09-14T12:02:37","modified_gmt":"2021-09-14T12:02:37","slug":"klausenpass","status":"publish","type":"post","link":"https:\/\/alpentouren.net\/?p=259","title":{"rendered":"18 &#8211; Klausenpass"},"content":{"rendered":"<p>ngg_shortcode_0_placeholderEine Fahrt \u00fcber den Klausenpass bringt Kurvengenuss und tut wegen ihres romantischen Anstrichs auch der Seele gut. Also: mitten hinein in ein wildes und urw\u00fcchsiges Hochtal. Die \u00dcberquerung verspricht Fahrspa\u00df pur.<\/p>\n<p>H\u00f6he: 1952 m<br \/>\nLand: Schweiz, Zentralschweiz<br \/>\nDenzel-Nummer: 105<br \/>\nSelbst gefahren: <img loading=\"lazy\" decoding=\"async\" src=\"https:\/\/alpentouren.net\/wp-content\/uploads\/2013\/08\/gruen.gif\" alt=\"gruen\" width=\"10\" height=\"10\"><span style=\"color: #008000;\"> 2000 <img loading=\"lazy\" decoding=\"async\" src=\"https:\/\/alpentouren.net\/wp-content\/uploads\/2013\/08\/gruen.gif\" alt=\"gruen\" width=\"10\" height=\"10\"> 2008 <img loading=\"lazy\" decoding=\"async\" src=\"https:\/\/alpentouren.net\/wp-content\/uploads\/2013\/08\/gruen.gif\" alt=\"gruen\" width=\"10\" height=\"10\"> 2021<br \/>\n<\/span><\/p>\nngg_shortcode_1_placeholder\n","protected":false},"excerpt":{"rendered":"<p>Eine Fahrt \u00fcber den Klausenpass bringt Kurvengenuss und tut wegen ihres romantischen Anstrichs auch der Seele gut. Also: mitten hinein in ein wildes und urw\u00fcchsiges Hochtal. Die \u00dcberquerung verspricht Fahrspa\u00df pur. H\u00f6he: 1952 m Land: Schweiz, Zentralschweiz Denzel-Nummer: 105 Selbst gefahren: 2000 2008 2021 &nbsp;<\/p>\n","protected":false},"author":1,"featured_media":442,"comment_status":"closed","ping_status":"open","sticky":false,"template":"","format":"standard","meta":{"ngg_post_thumbnail":0,"footnotes":""},"categories":[6],"tags":[],"class_list":["post-259","post","type-post","status-publish","format-standard","has-post-thumbnail","hentry","category-schweiz"],"_links":{"self":[{"href":"https:\/\/alpentouren.net\/index.php?rest_route=\/wp\/v2\/posts\/259"}],"collection":[{"href":"https:\/\/alpentouren.net\/index.php?rest_route=\/wp\/v2\/posts"}],"about":[{"href":"https:\/\/alpentouren.net\/index.php?rest_route=\/wp\/v2\/types\/post"}],"author":[{"embeddable":true,"href":"https:\/\/alpentouren.net\/index.php?rest_route=\/wp\/v2\/users\/1"}],"replies":[{"embeddable":true,"href":"https:\/\/alpentouren.net\/index.php?rest_route=%2Fwp%2Fv2%2Fcomments&post=259"}],"version-history":[{"count":7,"href":"https:\/\/alpentouren.net\/index.php?rest_route=\/wp\/v2\/posts\/259\/revisions"}],"predecessor-version":[{"id":3051,"href":"https:\/\/alpentouren.net\/index.php?rest_route=\/wp\/v2\/posts\/259\/revisions\/3051"}],"wp:featuredmedia":[{"embeddable":true,"href":"https:\/\/alpentouren.net\/index.php?rest_route=\/wp\/v2\/media\/442"}],"wp:attachment":[{"href":"https:\/\/alpentouren.net\/index.php?rest_route=%2Fwp%2Fv2%2Fmedia&parent=259"}],"wp:term":[{"taxonomy":"category","embeddable":true,"href":"https:\/\/alpentouren.net\/index.php?rest_route=%2Fwp%2Fv2%2Fcategories&post=259"},{"taxonomy":"post_tag","embeddable":true,"href":"https:\/\/alpentouren.net\/index.php?rest_route=%2Fwp%2Fv2%2Ftags&post=259"}],"curies":[{"name":"wp","href":"https:\/\/api.w.org\/{rel}","templated":true}]}}