{"id":269,"date":"2013-08-23T11:51:28","date_gmt":"2013-08-23T11:51:28","guid":{"rendered":"http:\/\/alpentouren.net\/?p=269"},"modified":"2021-09-14T12:07:36","modified_gmt":"2021-09-14T12:07:36","slug":"spluegenpass","status":"publish","type":"post","link":"https:\/\/alpentouren.net\/?p=269","title":{"rendered":"23 &#8211; Spl\u00fcgenpass"},"content":{"rendered":"<p>ngg_shortcode_0_placeholderDer Spl\u00fcgenpass (Passo dello Spluga) war bereits den R\u00f6mern bekannt. Die windungsreiche Strecke f\u00fchrt durch Tunnels und Galerien. Auf 30 Kilometern Distanz \u00fcberwindet man ein H\u00f6henunterschied von 1800 Metern.<\/p>\n<p>H\u00f6he: 2113 m<br \/>\nLand: Schweiz, Ostschweiz\/Graub\u00fcnden<br \/>\nDenzel-Nummer: 101<br \/>\nSelbst gefahren: <img loading=\"lazy\" decoding=\"async\" src=\"https:\/\/alpentouren.net\/wp-content\/uploads\/2013\/08\/gruen.gif\" alt=\"gruen\" width=\"10\" height=\"10\"> <span style=\"color: #008000;\">2007 <img loading=\"lazy\" decoding=\"async\" src=\"https:\/\/alpentouren.net\/wp-content\/uploads\/2013\/08\/gruen.gif\" alt=\"gruen\" width=\"10\" height=\"10\"> 2013 <img loading=\"lazy\" decoding=\"async\" src=\"https:\/\/alpentouren.net\/wp-content\/uploads\/2013\/08\/gruen.gif\" alt=\"gruen\" width=\"10\" height=\"10\"> 2021<br \/>\n<\/span><\/p>\nngg_shortcode_1_placeholder\n","protected":false},"excerpt":{"rendered":"<p>Der Spl\u00fcgenpass (Passo dello Spluga) war bereits den R\u00f6mern bekannt. Die windungsreiche Strecke f\u00fchrt durch Tunnels und Galerien. Auf 30 Kilometern Distanz \u00fcberwindet man ein H\u00f6henunterschied von 1800 Metern. H\u00f6he: 2113 m Land: Schweiz, Ostschweiz\/Graub\u00fcnden Denzel-Nummer: 101 Selbst gefahren: 2007 2013 2021 &nbsp;<\/p>\n","protected":false},"author":1,"featured_media":566,"comment_status":"closed","ping_status":"open","sticky":false,"template":"","format":"standard","meta":{"ngg_post_thumbnail":0,"footnotes":""},"categories":[6],"tags":[],"class_list":["post-269","post","type-post","status-publish","format-standard","has-post-thumbnail","hentry","category-schweiz"],"_links":{"self":[{"href":"https:\/\/alpentouren.net\/index.php?rest_route=\/wp\/v2\/posts\/269"}],"collection":[{"href":"https:\/\/alpentouren.net\/index.php?rest_route=\/wp\/v2\/posts"}],"about":[{"href":"https:\/\/alpentouren.net\/index.php?rest_route=\/wp\/v2\/types\/post"}],"author":[{"embeddable":true,"href":"https:\/\/alpentouren.net\/index.php?rest_route=\/wp\/v2\/users\/1"}],"replies":[{"embeddable":true,"href":"https:\/\/alpentouren.net\/index.php?rest_route=%2Fwp%2Fv2%2Fcomments&post=269"}],"version-history":[{"count":8,"href":"https:\/\/alpentouren.net\/index.php?rest_route=\/wp\/v2\/posts\/269\/revisions"}],"predecessor-version":[{"id":3056,"href":"https:\/\/alpentouren.net\/index.php?rest_route=\/wp\/v2\/posts\/269\/revisions\/3056"}],"wp:featuredmedia":[{"embeddable":true,"href":"https:\/\/alpentouren.net\/index.php?rest_route=\/wp\/v2\/media\/566"}],"wp:attachment":[{"href":"https:\/\/alpentouren.net\/index.php?rest_route=%2Fwp%2Fv2%2Fmedia&parent=269"}],"wp:term":[{"taxonomy":"category","embeddable":true,"href":"https:\/\/alpentouren.net\/index.php?rest_route=%2Fwp%2Fv2%2Fcategories&post=269"},{"taxonomy":"post_tag","embeddable":true,"href":"https:\/\/alpentouren.net\/index.php?rest_route=%2Fwp%2Fv2%2Ftags&post=269"}],"curies":[{"name":"wp","href":"https:\/\/api.w.org\/{rel}","templated":true}]}}