{"id":271,"date":"2013-08-23T11:51:40","date_gmt":"2013-08-23T11:51:40","guid":{"rendered":"http:\/\/alpentouren.net\/?p=271"},"modified":"2020-11-20T20:59:39","modified_gmt":"2020-11-20T20:59:39","slug":"sellajoch","status":"publish","type":"post","link":"https:\/\/alpentouren.net\/?p=271","title":{"rendered":"24 &#8211; Sellajoch"},"content":{"rendered":"<p>ngg_shortcode_0_placeholderDie Sellajochstrasse z\u00e4hlt zu den landschaftlich reizvollsten Dolomitenstrassen. Sie verbindet das Gr\u00f6dner Tal mit dem Fassatal. Kurven und Kehren gibt es bis zum Abwinken: Fahrspa\u00df pur f\u00fcr jeden Alpentourer.<\/p>\n<p>H\u00f6he: 2244 m<br \/>\nLand: Italien, Dolomiten<br \/>\nDenzel-Nummer: 197<br \/>\nSelbst gefahren: <img loading=\"lazy\" decoding=\"async\" src=\"https:\/\/alpentouren.net\/wp-content\/uploads\/2013\/08\/gruen.gif\" alt=\"gruen\" width=\"10\" height=\"10\"><span style=\"color: #008000;\"> 1998<\/span><span style=\"color: #008000;\"> <img loading=\"lazy\" decoding=\"async\" src=\"https:\/\/alpentouren.net\/wp-content\/uploads\/2013\/08\/gruen.gif\" alt=\"gruen\" width=\"10\" height=\"10\"> 2009<\/span><\/p>\nngg_shortcode_1_placeholder\n","protected":false},"excerpt":{"rendered":"<p>Die Sellajochstrasse z\u00e4hlt zu den landschaftlich reizvollsten Dolomitenstrassen. Sie verbindet das Gr\u00f6dner Tal mit dem Fassatal. Kurven und Kehren gibt es bis zum Abwinken: Fahrspa\u00df pur f\u00fcr jeden Alpentourer. H\u00f6he: 2244 m Land: Italien, Dolomiten Denzel-Nummer: 197 Selbst gefahren: 1998 2009 &nbsp;<\/p>\n","protected":false},"author":1,"featured_media":446,"comment_status":"closed","ping_status":"open","sticky":false,"template":"","format":"standard","meta":{"ngg_post_thumbnail":0,"footnotes":""},"categories":[4],"tags":[],"class_list":["post-271","post","type-post","status-publish","format-standard","has-post-thumbnail","hentry","category-italien"],"_links":{"self":[{"href":"https:\/\/alpentouren.net\/index.php?rest_route=\/wp\/v2\/posts\/271"}],"collection":[{"href":"https:\/\/alpentouren.net\/index.php?rest_route=\/wp\/v2\/posts"}],"about":[{"href":"https:\/\/alpentouren.net\/index.php?rest_route=\/wp\/v2\/types\/post"}],"author":[{"embeddable":true,"href":"https:\/\/alpentouren.net\/index.php?rest_route=\/wp\/v2\/users\/1"}],"replies":[{"embeddable":true,"href":"https:\/\/alpentouren.net\/index.php?rest_route=%2Fwp%2Fv2%2Fcomments&post=271"}],"version-history":[{"count":9,"href":"https:\/\/alpentouren.net\/index.php?rest_route=\/wp\/v2\/posts\/271\/revisions"}],"predecessor-version":[{"id":2913,"href":"https:\/\/alpentouren.net\/index.php?rest_route=\/wp\/v2\/posts\/271\/revisions\/2913"}],"wp:featuredmedia":[{"embeddable":true,"href":"https:\/\/alpentouren.net\/index.php?rest_route=\/wp\/v2\/media\/446"}],"wp:attachment":[{"href":"https:\/\/alpentouren.net\/index.php?rest_route=%2Fwp%2Fv2%2Fmedia&parent=271"}],"wp:term":[{"taxonomy":"category","embeddable":true,"href":"https:\/\/alpentouren.net\/index.php?rest_route=%2Fwp%2Fv2%2Fcategories&post=271"},{"taxonomy":"post_tag","embeddable":true,"href":"https:\/\/alpentouren.net\/index.php?rest_route=%2Fwp%2Fv2%2Ftags&post=271"}],"curies":[{"name":"wp","href":"https:\/\/api.w.org\/{rel}","templated":true}]}}