{"id":273,"date":"2013-08-23T11:51:50","date_gmt":"2013-08-23T11:51:50","guid":{"rendered":"http:\/\/alpentouren.net\/?p=273"},"modified":"2022-07-02T23:14:52","modified_gmt":"2022-07-02T23:14:52","slug":"bernina-pass","status":"publish","type":"post","link":"https:\/\/alpentouren.net\/?p=273","title":{"rendered":"25 &#8211; Bernina Pass"},"content":{"rendered":"<p>ngg_shortcode_0_placeholderDer Berninapass verbindet das Veltlin und das Val di Livigno mit dem Engadin. Auf der S\u00fcdseite ist die Strecke sehr kurvenreich und interessant. An der Passh\u00f6he liegen das Hospiz Ospizio Bernina und zwei Seen.<\/p>\n<p>H\u00f6he: 2330 m<br \/>\nLand: Schweiz, Ostschweiz\/Graub\u00fcnden<br \/>\nDenzel-Nummer: 89<br \/>\nSelbst gefahren: <img loading=\"lazy\" decoding=\"async\" src=\"https:\/\/alpentouren.net\/wp-content\/uploads\/2013\/08\/gruen.gif\" alt=\"gruen\" width=\"10\" height=\"10\"> <span style=\"color: #008000;\">2007 <img loading=\"lazy\" decoding=\"async\" src=\"https:\/\/alpentouren.net\/wp-content\/uploads\/2013\/08\/gruen.gif\" alt=\"gruen\" width=\"10\" height=\"10\"> 2013 <img loading=\"lazy\" decoding=\"async\" src=\"https:\/\/alpentouren.net\/wp-content\/uploads\/2013\/08\/gruen.gif\" alt=\"gruen\" width=\"10\" height=\"10\"> 2022<br \/>\n<\/span><\/p>\nngg_shortcode_1_placeholder\n","protected":false},"excerpt":{"rendered":"<p>Der Berninapass verbindet das Veltlin und das Val di Livigno mit dem Engadin. Auf der S\u00fcdseite ist die Strecke sehr kurvenreich und interessant. An der Passh\u00f6he liegen das Hospiz Ospizio Bernina und zwei Seen. H\u00f6he: 2330 m Land: Schweiz, Ostschweiz\/Graub\u00fcnden Denzel-Nummer: 89 Selbst gefahren: 2007 2013 2022 &nbsp;<\/p>\n","protected":false},"author":1,"featured_media":447,"comment_status":"closed","ping_status":"open","sticky":false,"template":"","format":"standard","meta":{"ngg_post_thumbnail":0,"footnotes":""},"categories":[6],"tags":[],"class_list":["post-273","post","type-post","status-publish","format-standard","has-post-thumbnail","hentry","category-schweiz"],"_links":{"self":[{"href":"https:\/\/alpentouren.net\/index.php?rest_route=\/wp\/v2\/posts\/273"}],"collection":[{"href":"https:\/\/alpentouren.net\/index.php?rest_route=\/wp\/v2\/posts"}],"about":[{"href":"https:\/\/alpentouren.net\/index.php?rest_route=\/wp\/v2\/types\/post"}],"author":[{"embeddable":true,"href":"https:\/\/alpentouren.net\/index.php?rest_route=\/wp\/v2\/users\/1"}],"replies":[{"embeddable":true,"href":"https:\/\/alpentouren.net\/index.php?rest_route=%2Fwp%2Fv2%2Fcomments&post=273"}],"version-history":[{"count":8,"href":"https:\/\/alpentouren.net\/index.php?rest_route=\/wp\/v2\/posts\/273\/revisions"}],"predecessor-version":[{"id":3165,"href":"https:\/\/alpentouren.net\/index.php?rest_route=\/wp\/v2\/posts\/273\/revisions\/3165"}],"wp:featuredmedia":[{"embeddable":true,"href":"https:\/\/alpentouren.net\/index.php?rest_route=\/wp\/v2\/media\/447"}],"wp:attachment":[{"href":"https:\/\/alpentouren.net\/index.php?rest_route=%2Fwp%2Fv2%2Fmedia&parent=273"}],"wp:term":[{"taxonomy":"category","embeddable":true,"href":"https:\/\/alpentouren.net\/index.php?rest_route=%2Fwp%2Fv2%2Fcategories&post=273"},{"taxonomy":"post_tag","embeddable":true,"href":"https:\/\/alpentouren.net\/index.php?rest_route=%2Fwp%2Fv2%2Ftags&post=273"}],"curies":[{"name":"wp","href":"https:\/\/api.w.org\/{rel}","templated":true}]}}