{"id":275,"date":"2013-08-23T11:52:03","date_gmt":"2013-08-23T11:52:03","guid":{"rendered":"http:\/\/alpentouren.net\/?p=275"},"modified":"2023-07-30T21:12:15","modified_gmt":"2023-07-30T21:12:15","slug":"kleiner-st-bernhard","status":"publish","type":"post","link":"https:\/\/alpentouren.net\/?p=275","title":{"rendered":"26 &#8211; Kleiner St. Bernhard"},"content":{"rendered":"<p>ngg_shortcode_0_placeholderKurvenspass pur: Die Nordrampe wartet mit 31 Kehren auf, die S\u00fcdrampe mit 21 Serpentinen. Der Pass ist von gro\u00dfer touristischer Bedeutung. Man \u00fcberbr\u00fcckt einen H\u00f6henunterschied von ca. 1200 Metern.<\/p>\n<p>H\u00f6he: 2188 m<br \/>\nLand: Italien, Aostatal<br \/>\nDenzel-Nummer: 280<br \/>\nSelbst gefahren: <span style=\"color: #008000;\"><img loading=\"lazy\" decoding=\"async\" src=\"https:\/\/alpentouren.net\/wp-content\/uploads\/2013\/08\/gruen.gif\" alt=\"gruen\" width=\"10\" height=\"10\"> 1994 <img loading=\"lazy\" decoding=\"async\" src=\"https:\/\/alpentouren.net\/wp-content\/uploads\/2013\/08\/gruen.gif\" alt=\"gruen\" width=\"10\" height=\"10\"> 2006 <span style=\"color: #008000;\"><img loading=\"lazy\" decoding=\"async\" src=\"https:\/\/alpentouren.net\/wp-content\/uploads\/2013\/08\/gruen.gif\" alt=\"gruen\" width=\"10\" height=\"10\"> 2014 <img loading=\"lazy\" decoding=\"async\" src=\"https:\/\/alpentouren.net\/wp-content\/uploads\/2013\/08\/gruen.gif\" alt=\"gruen\" width=\"10\" height=\"10\"> 2023<\/span><\/span><\/p>\nngg_shortcode_1_placeholder\n","protected":false},"excerpt":{"rendered":"<p>Kurvenspass pur: Die Nordrampe wartet mit 31 Kehren auf, die S\u00fcdrampe mit 21 Serpentinen. Der Pass ist von gro\u00dfer touristischer Bedeutung. Man \u00fcberbr\u00fcckt einen H\u00f6henunterschied von ca. 1200 Metern. H\u00f6he: 2188 m Land: Italien, Aostatal Denzel-Nummer: 280 Selbst gefahren: 1994 2006 2014 2023 &nbsp;<\/p>\n","protected":false},"author":1,"featured_media":687,"comment_status":"closed","ping_status":"open","sticky":false,"template":"","format":"standard","meta":{"ngg_post_thumbnail":0,"footnotes":""},"categories":[4],"tags":[],"class_list":["post-275","post","type-post","status-publish","format-standard","has-post-thumbnail","hentry","category-italien"],"_links":{"self":[{"href":"https:\/\/alpentouren.net\/index.php?rest_route=\/wp\/v2\/posts\/275"}],"collection":[{"href":"https:\/\/alpentouren.net\/index.php?rest_route=\/wp\/v2\/posts"}],"about":[{"href":"https:\/\/alpentouren.net\/index.php?rest_route=\/wp\/v2\/types\/post"}],"author":[{"embeddable":true,"href":"https:\/\/alpentouren.net\/index.php?rest_route=\/wp\/v2\/users\/1"}],"replies":[{"embeddable":true,"href":"https:\/\/alpentouren.net\/index.php?rest_route=%2Fwp%2Fv2%2Fcomments&post=275"}],"version-history":[{"count":10,"href":"https:\/\/alpentouren.net\/index.php?rest_route=\/wp\/v2\/posts\/275\/revisions"}],"predecessor-version":[{"id":3315,"href":"https:\/\/alpentouren.net\/index.php?rest_route=\/wp\/v2\/posts\/275\/revisions\/3315"}],"wp:featuredmedia":[{"embeddable":true,"href":"https:\/\/alpentouren.net\/index.php?rest_route=\/wp\/v2\/media\/687"}],"wp:attachment":[{"href":"https:\/\/alpentouren.net\/index.php?rest_route=%2Fwp%2Fv2%2Fmedia&parent=275"}],"wp:term":[{"taxonomy":"category","embeddable":true,"href":"https:\/\/alpentouren.net\/index.php?rest_route=%2Fwp%2Fv2%2Fcategories&post=275"},{"taxonomy":"post_tag","embeddable":true,"href":"https:\/\/alpentouren.net\/index.php?rest_route=%2Fwp%2Fv2%2Ftags&post=275"}],"curies":[{"name":"wp","href":"https:\/\/api.w.org\/{rel}","templated":true}]}}