{"id":289,"date":"2013-08-23T11:53:23","date_gmt":"2013-08-23T11:53:23","guid":{"rendered":"http:\/\/alpentouren.net\/?p=289"},"modified":"2022-07-02T23:16:42","modified_gmt":"2022-07-02T23:16:42","slug":"julierpass","status":"publish","type":"post","link":"https:\/\/alpentouren.net\/?p=289","title":{"rendered":"33 &#8211; Julierpass"},"content":{"rendered":"<p>ngg_shortcode_0_placeholderDer Julierpass liegt zwischen Bivio und Silvaplana. Die landschaftlich sehr abwechslungsreiche Strecke bezwingt man in ca. 80 Kilometern. Wenig Steigung aber daf\u00fcr um so mehr Kurven erm\u00f6glichen ein entspanntes Kurvenschwingen.<\/p>\n<p>H\u00f6he: 2284 m<br \/>\nLand: Schweiz, Ostschweiz\/Graub\u00fcnden<br \/>\nDenzel-Nummer: 80<br \/>\nSelbst gefahren: <img loading=\"lazy\" decoding=\"async\" src=\"https:\/\/alpentouren.net\/wp-content\/uploads\/2013\/08\/gruen.gif\" alt=\"gruen\" width=\"10\" height=\"10\"> <span style=\"color: #008000;\">2007 <img loading=\"lazy\" decoding=\"async\" src=\"https:\/\/alpentouren.net\/wp-content\/uploads\/2013\/08\/gruen.gif\" alt=\"gruen\" width=\"10\" height=\"10\"> 2013 <img loading=\"lazy\" decoding=\"async\" src=\"https:\/\/alpentouren.net\/wp-content\/uploads\/2013\/08\/gruen.gif\" alt=\"gruen\" width=\"10\" height=\"10\"> 2015 <img loading=\"lazy\" decoding=\"async\" src=\"https:\/\/alpentouren.net\/wp-content\/uploads\/2013\/08\/gruen.gif\" alt=\"gruen\" width=\"10\" height=\"10\"> 2022<br \/>\n<\/span><\/p>\nngg_shortcode_1_placeholder\n","protected":false},"excerpt":{"rendered":"<p>Der Julierpass liegt zwischen Bivio und Silvaplana. Die landschaftlich sehr abwechslungsreiche Strecke bezwingt man in ca. 80 Kilometern. Wenig Steigung aber daf\u00fcr um so mehr Kurven erm\u00f6glichen ein entspanntes Kurvenschwingen. H\u00f6he: 2284 m Land: Schweiz, Ostschweiz\/Graub\u00fcnden Denzel-Nummer: 80 Selbst gefahren: 2007 2013 2015 2022 &nbsp;<\/p>\n","protected":false},"author":1,"featured_media":498,"comment_status":"closed","ping_status":"open","sticky":false,"template":"","format":"standard","meta":{"ngg_post_thumbnail":0,"footnotes":""},"categories":[6],"tags":[],"class_list":["post-289","post","type-post","status-publish","format-standard","has-post-thumbnail","hentry","category-schweiz"],"_links":{"self":[{"href":"https:\/\/alpentouren.net\/index.php?rest_route=\/wp\/v2\/posts\/289"}],"collection":[{"href":"https:\/\/alpentouren.net\/index.php?rest_route=\/wp\/v2\/posts"}],"about":[{"href":"https:\/\/alpentouren.net\/index.php?rest_route=\/wp\/v2\/types\/post"}],"author":[{"embeddable":true,"href":"https:\/\/alpentouren.net\/index.php?rest_route=\/wp\/v2\/users\/1"}],"replies":[{"embeddable":true,"href":"https:\/\/alpentouren.net\/index.php?rest_route=%2Fwp%2Fv2%2Fcomments&post=289"}],"version-history":[{"count":8,"href":"https:\/\/alpentouren.net\/index.php?rest_route=\/wp\/v2\/posts\/289\/revisions"}],"predecessor-version":[{"id":3167,"href":"https:\/\/alpentouren.net\/index.php?rest_route=\/wp\/v2\/posts\/289\/revisions\/3167"}],"wp:featuredmedia":[{"embeddable":true,"href":"https:\/\/alpentouren.net\/index.php?rest_route=\/wp\/v2\/media\/498"}],"wp:attachment":[{"href":"https:\/\/alpentouren.net\/index.php?rest_route=%2Fwp%2Fv2%2Fmedia&parent=289"}],"wp:term":[{"taxonomy":"category","embeddable":true,"href":"https:\/\/alpentouren.net\/index.php?rest_route=%2Fwp%2Fv2%2Fcategories&post=289"},{"taxonomy":"post_tag","embeddable":true,"href":"https:\/\/alpentouren.net\/index.php?rest_route=%2Fwp%2Fv2%2Ftags&post=289"}],"curies":[{"name":"wp","href":"https:\/\/api.w.org\/{rel}","templated":true}]}}