{"id":291,"date":"2013-08-23T11:53:33","date_gmt":"2013-08-23T11:53:33","guid":{"rendered":"http:\/\/alpentouren.net\/?p=291"},"modified":"2020-11-20T20:42:30","modified_gmt":"2020-11-20T20:42:30","slug":"silvretta-strasse","status":"publish","type":"post","link":"https:\/\/alpentouren.net\/?p=291","title":{"rendered":"34 &#8211; Silvretta Strasse"},"content":{"rendered":"<p>ngg_shortcode_0_placeholderDie 40 Kilometer lange Silvretta Hochalpenstrasse mit ihren \u00fcber 2000 Metern H\u00f6he begeistert mit ihren herrlichen Panoramen. Sie verbindet die Region Montafon mit dem Paznauntal. Sehenswert sind der Silvretta Stausee und der h\u00f6chste Punkt &#8211; die Bieler H\u00f6he.<\/p>\n<p>H\u00f6he: 2032 m<br \/>\nLand: \u00d6sterreich, Vorarlberg<br \/>\nDenzel-Nummer: 72<br \/>\nSelbst gefahren: <img loading=\"lazy\" decoding=\"async\" src=\"https:\/\/alpentouren.net\/wp-content\/uploads\/2013\/08\/gruen.gif\" alt=\"gruen\" width=\"10\" height=\"10\"><span style=\"color: #008000;\"> 1996<\/span><span style=\"color: #008000;\"> <img loading=\"lazy\" decoding=\"async\" src=\"https:\/\/alpentouren.net\/wp-content\/uploads\/2013\/08\/gruen.gif\" alt=\"gruen\" width=\"10\" height=\"10\"> 2009<\/span><\/p>\nngg_shortcode_1_placeholder\n","protected":false},"excerpt":{"rendered":"<p>Die 40 Kilometer lange Silvretta Hochalpenstrasse mit ihren \u00fcber 2000 Metern H\u00f6he begeistert mit ihren herrlichen Panoramen. Sie verbindet die Region Montafon mit dem Paznauntal. Sehenswert sind der Silvretta Stausee und der h\u00f6chste Punkt &#8211; die Bieler H\u00f6he. H\u00f6he: 2032 m Land: \u00d6sterreich, Vorarlberg Denzel-Nummer: 72 Selbst gefahren: 1996 2009 &nbsp;<\/p>\n","protected":false},"author":1,"featured_media":500,"comment_status":"closed","ping_status":"open","sticky":false,"template":"","format":"standard","meta":{"ngg_post_thumbnail":0,"footnotes":""},"categories":[7],"tags":[],"class_list":["post-291","post","type-post","status-publish","format-standard","has-post-thumbnail","hentry","category-oesterreich"],"_links":{"self":[{"href":"https:\/\/alpentouren.net\/index.php?rest_route=\/wp\/v2\/posts\/291"}],"collection":[{"href":"https:\/\/alpentouren.net\/index.php?rest_route=\/wp\/v2\/posts"}],"about":[{"href":"https:\/\/alpentouren.net\/index.php?rest_route=\/wp\/v2\/types\/post"}],"author":[{"embeddable":true,"href":"https:\/\/alpentouren.net\/index.php?rest_route=\/wp\/v2\/users\/1"}],"replies":[{"embeddable":true,"href":"https:\/\/alpentouren.net\/index.php?rest_route=%2Fwp%2Fv2%2Fcomments&post=291"}],"version-history":[{"count":6,"href":"https:\/\/alpentouren.net\/index.php?rest_route=\/wp\/v2\/posts\/291\/revisions"}],"predecessor-version":[{"id":2883,"href":"https:\/\/alpentouren.net\/index.php?rest_route=\/wp\/v2\/posts\/291\/revisions\/2883"}],"wp:featuredmedia":[{"embeddable":true,"href":"https:\/\/alpentouren.net\/index.php?rest_route=\/wp\/v2\/media\/500"}],"wp:attachment":[{"href":"https:\/\/alpentouren.net\/index.php?rest_route=%2Fwp%2Fv2%2Fmedia&parent=291"}],"wp:term":[{"taxonomy":"category","embeddable":true,"href":"https:\/\/alpentouren.net\/index.php?rest_route=%2Fwp%2Fv2%2Fcategories&post=291"},{"taxonomy":"post_tag","embeddable":true,"href":"https:\/\/alpentouren.net\/index.php?rest_route=%2Fwp%2Fv2%2Ftags&post=291"}],"curies":[{"name":"wp","href":"https:\/\/api.w.org\/{rel}","templated":true}]}}