{"id":293,"date":"2013-08-23T11:53:44","date_gmt":"2013-08-23T11:53:44","guid":{"rendered":"http:\/\/alpentouren.net\/?p=293"},"modified":"2022-07-02T23:17:11","modified_gmt":"2022-07-02T23:17:11","slug":"forcola-di-livigno","status":"publish","type":"post","link":"https:\/\/alpentouren.net\/?p=293","title":{"rendered":"35 &#8211; Forcola di Livigno"},"content":{"rendered":"<p>ngg_shortcode_0_placeholderDas langgestreckte Hochtal von Livigno verl\u00e4uft fast parallel zum benachbarten Oberengadin. Die Talfahrt vermittelt eine gute Aussicht auf die Ausl\u00e4ufer der Berninagruppe. Interessant und zugleich imposant &#8211; ein Besuch lohnt sich.<\/p>\n<p>H\u00f6he: 2315 m<br \/>\nLand: Schweiz, Ostschweiz\/Graub\u00fcnden<br \/>\nDenzel-Nummer: 85b<br \/>\nSelbst gefahren: <img loading=\"lazy\" decoding=\"async\" src=\"https:\/\/alpentouren.net\/wp-content\/uploads\/2013\/08\/gruen.gif\" alt=\"gruen\" width=\"10\" height=\"10\"> <span style=\"color: #008000;\">2007 <img loading=\"lazy\" decoding=\"async\" src=\"https:\/\/alpentouren.net\/wp-content\/uploads\/2013\/08\/gruen.gif\" alt=\"gruen\" width=\"10\" height=\"10\"> 2013 <img loading=\"lazy\" decoding=\"async\" src=\"https:\/\/alpentouren.net\/wp-content\/uploads\/2013\/08\/gruen.gif\" alt=\"gruen\" width=\"10\" height=\"10\"> 2022<br \/>\n<\/span><\/p>\nngg_shortcode_1_placeholder\n","protected":false},"excerpt":{"rendered":"<p>Das langgestreckte Hochtal von Livigno verl\u00e4uft fast parallel zum benachbarten Oberengadin. Die Talfahrt vermittelt eine gute Aussicht auf die Ausl\u00e4ufer der Berninagruppe. Interessant und zugleich imposant &#8211; ein Besuch lohnt sich. H\u00f6he: 2315 m Land: Schweiz, Ostschweiz\/Graub\u00fcnden Denzel-Nummer: 85b Selbst gefahren: 2007 2013 2022 &nbsp;<\/p>\n","protected":false},"author":1,"featured_media":502,"comment_status":"closed","ping_status":"open","sticky":false,"template":"","format":"standard","meta":{"ngg_post_thumbnail":0,"footnotes":""},"categories":[6],"tags":[],"class_list":["post-293","post","type-post","status-publish","format-standard","has-post-thumbnail","hentry","category-schweiz"],"_links":{"self":[{"href":"https:\/\/alpentouren.net\/index.php?rest_route=\/wp\/v2\/posts\/293"}],"collection":[{"href":"https:\/\/alpentouren.net\/index.php?rest_route=\/wp\/v2\/posts"}],"about":[{"href":"https:\/\/alpentouren.net\/index.php?rest_route=\/wp\/v2\/types\/post"}],"author":[{"embeddable":true,"href":"https:\/\/alpentouren.net\/index.php?rest_route=\/wp\/v2\/users\/1"}],"replies":[{"embeddable":true,"href":"https:\/\/alpentouren.net\/index.php?rest_route=%2Fwp%2Fv2%2Fcomments&post=293"}],"version-history":[{"count":8,"href":"https:\/\/alpentouren.net\/index.php?rest_route=\/wp\/v2\/posts\/293\/revisions"}],"predecessor-version":[{"id":3168,"href":"https:\/\/alpentouren.net\/index.php?rest_route=\/wp\/v2\/posts\/293\/revisions\/3168"}],"wp:featuredmedia":[{"embeddable":true,"href":"https:\/\/alpentouren.net\/index.php?rest_route=\/wp\/v2\/media\/502"}],"wp:attachment":[{"href":"https:\/\/alpentouren.net\/index.php?rest_route=%2Fwp%2Fv2%2Fmedia&parent=293"}],"wp:term":[{"taxonomy":"category","embeddable":true,"href":"https:\/\/alpentouren.net\/index.php?rest_route=%2Fwp%2Fv2%2Fcategories&post=293"},{"taxonomy":"post_tag","embeddable":true,"href":"https:\/\/alpentouren.net\/index.php?rest_route=%2Fwp%2Fv2%2Ftags&post=293"}],"curies":[{"name":"wp","href":"https:\/\/api.w.org\/{rel}","templated":true}]}}