{"id":303,"date":"2013-08-23T11:54:39","date_gmt":"2013-08-23T11:54:39","guid":{"rendered":"http:\/\/alpentouren.net\/?p=303"},"modified":"2023-07-30T21:08:19","modified_gmt":"2023-07-30T21:08:19","slug":"col-du-glandon","status":"publish","type":"post","link":"https:\/\/alpentouren.net\/?p=303","title":{"rendered":"40 &#8211; Col du Glandon"},"content":{"rendered":"<p>ngg_shortcode_0_placeholderDieser \u00dcbergang im Osten der Belledonnekette verbindet das Arctal mit dem Tal der Romanche. Der H\u00f6henunterschied ist gewaltig und betr\u00e4gt rund 1500 Meter &#8211; das macht Spass! Die Auffahrt zum Col de Glandon bietet reizvolle Alpenpanoramen.<\/p>\n<p>H\u00f6he: 1951 m<br \/>\nLand: Frankreich, Hochsavoyen<br \/>\nDenzel-Nummer: 335<br \/>\nSelbst gefahren: <span style=\"color: #008000;\"><img loading=\"lazy\" decoding=\"async\" src=\"https:\/\/alpentouren.net\/wp-content\/uploads\/2013\/08\/gruen.gif\" alt=\"gruen\" width=\"10\" height=\"10\"> 1994 <span style=\"color: #008000;\"><img loading=\"lazy\" decoding=\"async\" src=\"https:\/\/alpentouren.net\/wp-content\/uploads\/2013\/08\/gruen.gif\" alt=\"gruen\" width=\"10\" height=\"10\"> 2014 <img loading=\"lazy\" decoding=\"async\" src=\"https:\/\/alpentouren.net\/wp-content\/uploads\/2013\/08\/gruen.gif\" alt=\"gruen\" width=\"10\" height=\"10\"> 2023<\/span><\/span><\/p>\nngg_shortcode_1_placeholder\n","protected":false},"excerpt":{"rendered":"<p>Dieser \u00dcbergang im Osten der Belledonnekette verbindet das Arctal mit dem Tal der Romanche. Der H\u00f6henunterschied ist gewaltig und betr\u00e4gt rund 1500 Meter &#8211; das macht Spass! Die Auffahrt zum Col de Glandon bietet reizvolle Alpenpanoramen. H\u00f6he: 1951 m Land: Frankreich, Hochsavoyen Denzel-Nummer: 335 Selbst gefahren: 1994 2014 2023 &nbsp;<\/p>\n","protected":false},"author":1,"featured_media":686,"comment_status":"closed","ping_status":"open","sticky":false,"template":"","format":"standard","meta":{"ngg_post_thumbnail":0,"footnotes":""},"categories":[5],"tags":[],"class_list":["post-303","post","type-post","status-publish","format-standard","has-post-thumbnail","hentry","category-frankreich"],"_links":{"self":[{"href":"https:\/\/alpentouren.net\/index.php?rest_route=\/wp\/v2\/posts\/303"}],"collection":[{"href":"https:\/\/alpentouren.net\/index.php?rest_route=\/wp\/v2\/posts"}],"about":[{"href":"https:\/\/alpentouren.net\/index.php?rest_route=\/wp\/v2\/types\/post"}],"author":[{"embeddable":true,"href":"https:\/\/alpentouren.net\/index.php?rest_route=\/wp\/v2\/users\/1"}],"replies":[{"embeddable":true,"href":"https:\/\/alpentouren.net\/index.php?rest_route=%2Fwp%2Fv2%2Fcomments&post=303"}],"version-history":[{"count":8,"href":"https:\/\/alpentouren.net\/index.php?rest_route=\/wp\/v2\/posts\/303\/revisions"}],"predecessor-version":[{"id":3310,"href":"https:\/\/alpentouren.net\/index.php?rest_route=\/wp\/v2\/posts\/303\/revisions\/3310"}],"wp:featuredmedia":[{"embeddable":true,"href":"https:\/\/alpentouren.net\/index.php?rest_route=\/wp\/v2\/media\/686"}],"wp:attachment":[{"href":"https:\/\/alpentouren.net\/index.php?rest_route=%2Fwp%2Fv2%2Fmedia&parent=303"}],"wp:term":[{"taxonomy":"category","embeddable":true,"href":"https:\/\/alpentouren.net\/index.php?rest_route=%2Fwp%2Fv2%2Fcategories&post=303"},{"taxonomy":"post_tag","embeddable":true,"href":"https:\/\/alpentouren.net\/index.php?rest_route=%2Fwp%2Fv2%2Ftags&post=303"}],"curies":[{"name":"wp","href":"https:\/\/api.w.org\/{rel}","templated":true}]}}