{"id":305,"date":"2013-08-23T11:54:53","date_gmt":"2013-08-23T11:54:53","guid":{"rendered":"http:\/\/alpentouren.net\/?p=305"},"modified":"2022-07-02T23:18:22","modified_gmt":"2022-07-02T23:18:22","slug":"ofenpass","status":"publish","type":"post","link":"https:\/\/alpentouren.net\/?p=305","title":{"rendered":"41 &#8211; Ofenpass"},"content":{"rendered":"<p>ngg_shortcode_0_placeholderSch\u00f6n gelegen zwischen dem italienischen Glunz und dem schweizerischen Zernez ist die \u00dcberquerung des Pass dal Fuorn (Ofenpass) eine Reise in die pure unber\u00fchrte Natur. Am Kurvenvergn\u00fcgen in langgezogenen Kurven erfreut sich der Alpenbiker.<\/p>\n<p>H\u00f6he: 2149 m<br \/>\nLand: Schweiz, Ostschweiz\/Graub\u00fcnden<br \/>\nDenzel-Nummer: 84<br \/>\nSelbst gefahren: <img loading=\"lazy\" decoding=\"async\" src=\"https:\/\/alpentouren.net\/wp-content\/uploads\/2013\/08\/gruen.gif\" alt=\"gruen\" width=\"10\" height=\"10\"> <span style=\"color: #008000;\">2007 <img loading=\"lazy\" decoding=\"async\" src=\"https:\/\/alpentouren.net\/wp-content\/uploads\/2013\/08\/gruen.gif\" alt=\"gruen\" width=\"10\" height=\"10\"> 2013 <img loading=\"lazy\" decoding=\"async\" src=\"https:\/\/alpentouren.net\/wp-content\/uploads\/2013\/08\/gruen.gif\" alt=\"gruen\" width=\"10\" height=\"10\"> 2016 <img loading=\"lazy\" decoding=\"async\" src=\"https:\/\/alpentouren.net\/wp-content\/uploads\/2013\/08\/gruen.gif\" alt=\"gruen\" width=\"10\" height=\"10\"> 2022<br \/>\n<\/span><\/p>\nngg_shortcode_1_placeholder\n","protected":false},"excerpt":{"rendered":"<p>Sch\u00f6n gelegen zwischen dem italienischen Glunz und dem schweizerischen Zernez ist die \u00dcberquerung des Pass dal Fuorn (Ofenpass) eine Reise in die pure unber\u00fchrte Natur. Am Kurvenvergn\u00fcgen in langgezogenen Kurven erfreut sich der Alpenbiker. H\u00f6he: 2149 m Land: Schweiz, Ostschweiz\/Graub\u00fcnden Denzel-Nummer: 84 Selbst gefahren: 2007 2013 2016 2022 &nbsp;<\/p>\n","protected":false},"author":1,"featured_media":512,"comment_status":"closed","ping_status":"open","sticky":false,"template":"","format":"standard","meta":{"ngg_post_thumbnail":0,"footnotes":""},"categories":[6],"tags":[],"class_list":["post-305","post","type-post","status-publish","format-standard","has-post-thumbnail","hentry","category-schweiz"],"_links":{"self":[{"href":"https:\/\/alpentouren.net\/index.php?rest_route=\/wp\/v2\/posts\/305"}],"collection":[{"href":"https:\/\/alpentouren.net\/index.php?rest_route=\/wp\/v2\/posts"}],"about":[{"href":"https:\/\/alpentouren.net\/index.php?rest_route=\/wp\/v2\/types\/post"}],"author":[{"embeddable":true,"href":"https:\/\/alpentouren.net\/index.php?rest_route=\/wp\/v2\/users\/1"}],"replies":[{"embeddable":true,"href":"https:\/\/alpentouren.net\/index.php?rest_route=%2Fwp%2Fv2%2Fcomments&post=305"}],"version-history":[{"count":9,"href":"https:\/\/alpentouren.net\/index.php?rest_route=\/wp\/v2\/posts\/305\/revisions"}],"predecessor-version":[{"id":3170,"href":"https:\/\/alpentouren.net\/index.php?rest_route=\/wp\/v2\/posts\/305\/revisions\/3170"}],"wp:featuredmedia":[{"embeddable":true,"href":"https:\/\/alpentouren.net\/index.php?rest_route=\/wp\/v2\/media\/512"}],"wp:attachment":[{"href":"https:\/\/alpentouren.net\/index.php?rest_route=%2Fwp%2Fv2%2Fmedia&parent=305"}],"wp:term":[{"taxonomy":"category","embeddable":true,"href":"https:\/\/alpentouren.net\/index.php?rest_route=%2Fwp%2Fv2%2Fcategories&post=305"},{"taxonomy":"post_tag","embeddable":true,"href":"https:\/\/alpentouren.net\/index.php?rest_route=%2Fwp%2Fv2%2Ftags&post=305"}],"curies":[{"name":"wp","href":"https:\/\/api.w.org\/{rel}","templated":true}]}}