{"id":307,"date":"2013-08-23T11:55:05","date_gmt":"2013-08-23T11:55:05","guid":{"rendered":"http:\/\/alpentouren.net\/?p=307"},"modified":"2020-11-20T20:32:12","modified_gmt":"2020-11-20T20:32:12","slug":"kuehtaisattel","status":"publish","type":"post","link":"https:\/\/alpentouren.net\/?p=307","title":{"rendered":"42 &#8211; K\u00fchtaisattel"},"content":{"rendered":"<p>ngg_shortcode_0_placeholderEin besonders lohnender Ausflug f\u00fchrt nach K\u00fchtai. Maximale Steigungen erreichen 16 Prozent. Der K\u00fchtaisattel liegt bei 2017 Metern H\u00f6he in einer \u00f6den Hochgebirgsregion. Der Motorrad-Alpentourer sollte diesen Pass nicht auslassen. Und K\u00fche gibt es hier auch.<\/p>\n<p>H\u00f6he: 2020 m<br \/>\nLand: \u00d6sterreich, Nordtirol<br \/>\nDenzel-Nummer: 52<br \/>\nSelbst gefahren: <img loading=\"lazy\" decoding=\"async\" src=\"https:\/\/alpentouren.net\/wp-content\/uploads\/2013\/08\/gruen.gif\" alt=\"gruen\" width=\"10\" height=\"10\"><span style=\"color: #008000;\"> 1996<\/span><span style=\"color: #008000;\"> <img loading=\"lazy\" decoding=\"async\" src=\"https:\/\/alpentouren.net\/wp-content\/uploads\/2013\/08\/gruen.gif\" alt=\"gruen\" width=\"10\" height=\"10\"> 2009<\/span><\/p>\nngg_shortcode_1_placeholder\n","protected":false},"excerpt":{"rendered":"<p>Ein besonders lohnender Ausflug f\u00fchrt nach K\u00fchtai. Maximale Steigungen erreichen 16 Prozent. Der K\u00fchtaisattel liegt bei 2017 Metern H\u00f6he in einer \u00f6den Hochgebirgsregion. Der Motorrad-Alpentourer sollte diesen Pass nicht auslassen. Und K\u00fche gibt es hier auch. H\u00f6he: 2020 m Land: \u00d6sterreich, Nordtirol Denzel-Nummer: 52 Selbst gefahren: 1996 2009 &nbsp;<\/p>\n","protected":false},"author":1,"featured_media":514,"comment_status":"closed","ping_status":"open","sticky":false,"template":"","format":"standard","meta":{"ngg_post_thumbnail":0,"footnotes":""},"categories":[7],"tags":[],"class_list":["post-307","post","type-post","status-publish","format-standard","has-post-thumbnail","hentry","category-oesterreich"],"_links":{"self":[{"href":"https:\/\/alpentouren.net\/index.php?rest_route=\/wp\/v2\/posts\/307"}],"collection":[{"href":"https:\/\/alpentouren.net\/index.php?rest_route=\/wp\/v2\/posts"}],"about":[{"href":"https:\/\/alpentouren.net\/index.php?rest_route=\/wp\/v2\/types\/post"}],"author":[{"embeddable":true,"href":"https:\/\/alpentouren.net\/index.php?rest_route=\/wp\/v2\/users\/1"}],"replies":[{"embeddable":true,"href":"https:\/\/alpentouren.net\/index.php?rest_route=%2Fwp%2Fv2%2Fcomments&post=307"}],"version-history":[{"count":6,"href":"https:\/\/alpentouren.net\/index.php?rest_route=\/wp\/v2\/posts\/307\/revisions"}],"predecessor-version":[{"id":2855,"href":"https:\/\/alpentouren.net\/index.php?rest_route=\/wp\/v2\/posts\/307\/revisions\/2855"}],"wp:featuredmedia":[{"embeddable":true,"href":"https:\/\/alpentouren.net\/index.php?rest_route=\/wp\/v2\/media\/514"}],"wp:attachment":[{"href":"https:\/\/alpentouren.net\/index.php?rest_route=%2Fwp%2Fv2%2Fmedia&parent=307"}],"wp:term":[{"taxonomy":"category","embeddable":true,"href":"https:\/\/alpentouren.net\/index.php?rest_route=%2Fwp%2Fv2%2Fcategories&post=307"},{"taxonomy":"post_tag","embeddable":true,"href":"https:\/\/alpentouren.net\/index.php?rest_route=%2Fwp%2Fv2%2Ftags&post=307"}],"curies":[{"name":"wp","href":"https:\/\/api.w.org\/{rel}","templated":true}]}}