{"id":311,"date":"2013-08-23T11:55:26","date_gmt":"2013-08-23T11:55:26","guid":{"rendered":"http:\/\/alpentouren.net\/?p=311"},"modified":"2023-07-30T21:11:04","modified_gmt":"2023-07-30T21:11:04","slug":"col-dallos","status":"publish","type":"post","link":"https:\/\/alpentouren.net\/?p=311","title":{"rendered":"44 &#8211; Col d&#8217;Allos"},"content":{"rendered":"<p>ngg_shortcode_0_placeholderW\u00fcrde man in der Hochprovence eine Rangliste nach landschaftlichen H\u00f6hepunktenerstellen, so k\u00e4me der Allosplatz an zweiter Stelle hinter dem Col de la Bonette und noch vor dem Col de la Cayolle.<\/p>\n<p>H\u00f6he: 2250 m<br \/>\nLand: Frankreich, Hochprovence<br \/>\nDenzel-Nummer: 378<br \/>\nSelbst gefahren: <span style=\"color: #ff0000;\"><span style=\"color: #008000;\"><img loading=\"lazy\" decoding=\"async\" src=\"https:\/\/alpentouren.net\/wp-content\/uploads\/2013\/08\/gruen.gif\" alt=\"gruen\" width=\"10\" height=\"10\"> 2014 <img loading=\"lazy\" decoding=\"async\" src=\"https:\/\/alpentouren.net\/wp-content\/uploads\/2013\/08\/gruen.gif\" alt=\"gruen\" width=\"10\" height=\"10\"> 2023<\/span><\/span><\/p>\nngg_shortcode_1_placeholder\n","protected":false},"excerpt":{"rendered":"<p>W\u00fcrde man in der Hochprovence eine Rangliste nach landschaftlichen H\u00f6hepunktenerstellen, so k\u00e4me der Allosplatz an zweiter Stelle hinter dem Col de la Bonette und noch vor dem Col de la Cayolle. H\u00f6he: 2250 m Land: Frankreich, Hochprovence Denzel-Nummer: 378 Selbst gefahren: 2014 2023<\/p>\n","protected":false},"author":1,"featured_media":1296,"comment_status":"closed","ping_status":"open","sticky":false,"template":"","format":"standard","meta":{"ngg_post_thumbnail":0,"footnotes":""},"categories":[5],"tags":[],"class_list":["post-311","post","type-post","status-publish","format-standard","has-post-thumbnail","hentry","category-frankreich"],"_links":{"self":[{"href":"https:\/\/alpentouren.net\/index.php?rest_route=\/wp\/v2\/posts\/311"}],"collection":[{"href":"https:\/\/alpentouren.net\/index.php?rest_route=\/wp\/v2\/posts"}],"about":[{"href":"https:\/\/alpentouren.net\/index.php?rest_route=\/wp\/v2\/types\/post"}],"author":[{"embeddable":true,"href":"https:\/\/alpentouren.net\/index.php?rest_route=\/wp\/v2\/users\/1"}],"replies":[{"embeddable":true,"href":"https:\/\/alpentouren.net\/index.php?rest_route=%2Fwp%2Fv2%2Fcomments&post=311"}],"version-history":[{"count":16,"href":"https:\/\/alpentouren.net\/index.php?rest_route=\/wp\/v2\/posts\/311\/revisions"}],"predecessor-version":[{"id":3313,"href":"https:\/\/alpentouren.net\/index.php?rest_route=\/wp\/v2\/posts\/311\/revisions\/3313"}],"wp:featuredmedia":[{"embeddable":true,"href":"https:\/\/alpentouren.net\/index.php?rest_route=\/wp\/v2\/media\/1296"}],"wp:attachment":[{"href":"https:\/\/alpentouren.net\/index.php?rest_route=%2Fwp%2Fv2%2Fmedia&parent=311"}],"wp:term":[{"taxonomy":"category","embeddable":true,"href":"https:\/\/alpentouren.net\/index.php?rest_route=%2Fwp%2Fv2%2Fcategories&post=311"},{"taxonomy":"post_tag","embeddable":true,"href":"https:\/\/alpentouren.net\/index.php?rest_route=%2Fwp%2Fv2%2Ftags&post=311"}],"curies":[{"name":"wp","href":"https:\/\/api.w.org\/{rel}","templated":true}]}}