{"id":313,"date":"2013-08-23T11:55:36","date_gmt":"2013-08-23T11:55:36","guid":{"rendered":"http:\/\/alpentouren.net\/?p=313"},"modified":"2023-07-30T21:10:46","modified_gmt":"2023-07-30T21:10:46","slug":"col-de-vars","status":"publish","type":"post","link":"https:\/\/alpentouren.net\/?p=313","title":{"rendered":"45 &#8211; Col de Vars"},"content":{"rendered":"<p>ngg_shortcode_0_placeholderMit seiner super ausgebauten Strasse erlaubt der 2109 Meter hohe Col de Vars eine z\u00fcgige und ungef\u00e4hrliche Fahrweise zugleich. Der Rundblick \u00fcber die Alpen (Frankreich\/Italien) ist einfach traumhaft.<\/p>\n<p>H\u00f6he: 2109 m<br \/>\nLand: Frankreich, Hochdauphine<br \/>\nDenzel-Nummer: 371<br \/>\nSelbst gefahren: <span style=\"color: #008000;\"><img loading=\"lazy\" decoding=\"async\" src=\"https:\/\/alpentouren.net\/wp-content\/uploads\/2013\/08\/gruen.gif\" alt=\"gruen\" width=\"10\" height=\"10\"> 2006 <span style=\"color: #008000;\"><img loading=\"lazy\" decoding=\"async\" src=\"https:\/\/alpentouren.net\/wp-content\/uploads\/2013\/08\/gruen.gif\" alt=\"gruen\" width=\"10\" height=\"10\"> 2014 <img loading=\"lazy\" decoding=\"async\" src=\"https:\/\/alpentouren.net\/wp-content\/uploads\/2013\/08\/gruen.gif\" alt=\"gruen\" width=\"10\" height=\"10\"> 2023<\/span><\/span><\/p>\nngg_shortcode_1_placeholder\n","protected":false},"excerpt":{"rendered":"<p>Mit seiner super ausgebauten Strasse erlaubt der 2109 Meter hohe Col de Vars eine z\u00fcgige und ungef\u00e4hrliche Fahrweise zugleich. Der Rundblick \u00fcber die Alpen (Frankreich\/Italien) ist einfach traumhaft. H\u00f6he: 2109 m Land: Frankreich, Hochdauphine Denzel-Nummer: 371 Selbst gefahren: 2006 2014 2023 &nbsp;<\/p>\n","protected":false},"author":1,"featured_media":688,"comment_status":"closed","ping_status":"open","sticky":false,"template":"","format":"standard","meta":{"ngg_post_thumbnail":0,"footnotes":""},"categories":[5],"tags":[],"class_list":["post-313","post","type-post","status-publish","format-standard","has-post-thumbnail","hentry","category-frankreich"],"_links":{"self":[{"href":"https:\/\/alpentouren.net\/index.php?rest_route=\/wp\/v2\/posts\/313"}],"collection":[{"href":"https:\/\/alpentouren.net\/index.php?rest_route=\/wp\/v2\/posts"}],"about":[{"href":"https:\/\/alpentouren.net\/index.php?rest_route=\/wp\/v2\/types\/post"}],"author":[{"embeddable":true,"href":"https:\/\/alpentouren.net\/index.php?rest_route=\/wp\/v2\/users\/1"}],"replies":[{"embeddable":true,"href":"https:\/\/alpentouren.net\/index.php?rest_route=%2Fwp%2Fv2%2Fcomments&post=313"}],"version-history":[{"count":9,"href":"https:\/\/alpentouren.net\/index.php?rest_route=\/wp\/v2\/posts\/313\/revisions"}],"predecessor-version":[{"id":3312,"href":"https:\/\/alpentouren.net\/index.php?rest_route=\/wp\/v2\/posts\/313\/revisions\/3312"}],"wp:featuredmedia":[{"embeddable":true,"href":"https:\/\/alpentouren.net\/index.php?rest_route=\/wp\/v2\/media\/688"}],"wp:attachment":[{"href":"https:\/\/alpentouren.net\/index.php?rest_route=%2Fwp%2Fv2%2Fmedia&parent=313"}],"wp:term":[{"taxonomy":"category","embeddable":true,"href":"https:\/\/alpentouren.net\/index.php?rest_route=%2Fwp%2Fv2%2Fcategories&post=313"},{"taxonomy":"post_tag","embeddable":true,"href":"https:\/\/alpentouren.net\/index.php?rest_route=%2Fwp%2Fv2%2Ftags&post=313"}],"curies":[{"name":"wp","href":"https:\/\/api.w.org\/{rel}","templated":true}]}}