{"id":315,"date":"2013-08-23T11:55:49","date_gmt":"2013-08-23T11:55:49","guid":{"rendered":"http:\/\/alpentouren.net\/?p=315"},"modified":"2022-07-02T23:19:01","modified_gmt":"2022-07-02T23:19:01","slug":"hahntennjoch","status":"publish","type":"post","link":"https:\/\/alpentouren.net\/?p=315","title":{"rendered":"46 &#8211; Hahntennjoch"},"content":{"rendered":"<p>ngg_shortcode_0_placeholderDas Hahntennjoch befindet sich auf der 30 Kilometer langen Strecke zwischen Imst und Elmen. H\u00f6hepunkte bilden die Ausblicke in die Hocht\u00e4ler mit ihrer formenreichen und zerkl\u00fcfteten Landschaft.<\/p>\n<p>H\u00f6he: 1894 m<br \/>\nLand: \u00d6sterreich, Nordtirol<br \/>\nDenzel-Nummer: 60<br \/>\nSelbst gefahren: <img loading=\"lazy\" decoding=\"async\" src=\"https:\/\/alpentouren.net\/wp-content\/uploads\/2013\/08\/gruen.gif\" alt=\"gruen\" width=\"10\" height=\"10\"><span style=\"color: #008000;\"> 1996<\/span><span style=\"color: #008000;\"> <img loading=\"lazy\" decoding=\"async\" src=\"https:\/\/alpentouren.net\/wp-content\/uploads\/2013\/08\/gruen.gif\" alt=\"gruen\" width=\"10\" height=\"10\"> 1998 <img loading=\"lazy\" decoding=\"async\" src=\"https:\/\/alpentouren.net\/wp-content\/uploads\/2013\/08\/gruen.gif\" alt=\"gruen\" width=\"10\" height=\"10\"> 2009 <img loading=\"lazy\" decoding=\"async\" src=\"https:\/\/alpentouren.net\/wp-content\/uploads\/2013\/08\/gruen.gif\" alt=\"gruen\" width=\"10\" height=\"10\"> 2022<br \/>\n<\/span><\/p>\nngg_shortcode_1_placeholder\n","protected":false},"excerpt":{"rendered":"<p>Das Hahntennjoch befindet sich auf der 30 Kilometer langen Strecke zwischen Imst und Elmen. H\u00f6hepunkte bilden die Ausblicke in die Hocht\u00e4ler mit ihrer formenreichen und zerkl\u00fcfteten Landschaft. H\u00f6he: 1894 m Land: \u00d6sterreich, Nordtirol Denzel-Nummer: 60 Selbst gefahren: 1996 1998 2009 2022 &nbsp;<\/p>\n","protected":false},"author":1,"featured_media":568,"comment_status":"closed","ping_status":"open","sticky":false,"template":"","format":"standard","meta":{"ngg_post_thumbnail":0,"footnotes":""},"categories":[7],"tags":[],"class_list":["post-315","post","type-post","status-publish","format-standard","has-post-thumbnail","hentry","category-oesterreich"],"_links":{"self":[{"href":"https:\/\/alpentouren.net\/index.php?rest_route=\/wp\/v2\/posts\/315"}],"collection":[{"href":"https:\/\/alpentouren.net\/index.php?rest_route=\/wp\/v2\/posts"}],"about":[{"href":"https:\/\/alpentouren.net\/index.php?rest_route=\/wp\/v2\/types\/post"}],"author":[{"embeddable":true,"href":"https:\/\/alpentouren.net\/index.php?rest_route=\/wp\/v2\/users\/1"}],"replies":[{"embeddable":true,"href":"https:\/\/alpentouren.net\/index.php?rest_route=%2Fwp%2Fv2%2Fcomments&post=315"}],"version-history":[{"count":10,"href":"https:\/\/alpentouren.net\/index.php?rest_route=\/wp\/v2\/posts\/315\/revisions"}],"predecessor-version":[{"id":3171,"href":"https:\/\/alpentouren.net\/index.php?rest_route=\/wp\/v2\/posts\/315\/revisions\/3171"}],"wp:featuredmedia":[{"embeddable":true,"href":"https:\/\/alpentouren.net\/index.php?rest_route=\/wp\/v2\/media\/568"}],"wp:attachment":[{"href":"https:\/\/alpentouren.net\/index.php?rest_route=%2Fwp%2Fv2%2Fmedia&parent=315"}],"wp:term":[{"taxonomy":"category","embeddable":true,"href":"https:\/\/alpentouren.net\/index.php?rest_route=%2Fwp%2Fv2%2Fcategories&post=315"},{"taxonomy":"post_tag","embeddable":true,"href":"https:\/\/alpentouren.net\/index.php?rest_route=%2Fwp%2Fv2%2Ftags&post=315"}],"curies":[{"name":"wp","href":"https:\/\/api.w.org\/{rel}","templated":true}]}}