{"id":323,"date":"2013-08-23T11:56:26","date_gmt":"2013-08-23T11:56:26","guid":{"rendered":"http:\/\/alpentouren.net\/?p=323"},"modified":"2023-09-07T20:15:48","modified_gmt":"2023-09-07T20:15:48","slug":"simplonpass","status":"publish","type":"post","link":"https:\/\/alpentouren.net\/?p=323","title":{"rendered":"50 &#8211; Simplonpass"},"content":{"rendered":"<p>ngg_shortcode_0_placeholderDer Passo del Sempione (Simplonpass) ist die k\u00fcrzeste Verbindung zwischen dem Wallis und der Lombardei. Bei der \u00dcberquerung blickt man in das Rhonetal und in die Saltinaschlucht. Wirklich sehenswert.<\/p>\n<p>H\u00f6he: 2005 m<br \/>\nLand: Schweiz, Wallis\/Westschweiz<br \/>\nDenzel-Nummer: 120<br \/>\nSelbst gefahren: <span style=\"color: #008000;\"><img loading=\"lazy\" decoding=\"async\" src=\"https:\/\/alpentouren.net\/wp-content\/uploads\/2013\/08\/gruen.gif\" alt=\"gruen\" width=\"10\" height=\"10\"> 1996 <img loading=\"lazy\" decoding=\"async\" src=\"https:\/\/alpentouren.net\/wp-content\/uploads\/2013\/08\/gruen.gif\" alt=\"gruen\" width=\"10\" height=\"10\"> 2015 <img loading=\"lazy\" decoding=\"async\" src=\"https:\/\/alpentouren.net\/wp-content\/uploads\/2013\/08\/gruen.gif\" alt=\"gruen\" width=\"10\" height=\"10\"> 2023<\/span><\/p>\nngg_shortcode_1_placeholder\n","protected":false},"excerpt":{"rendered":"<p>Der Passo del Sempione (Simplonpass) ist die k\u00fcrzeste Verbindung zwischen dem Wallis und der Lombardei. Bei der \u00dcberquerung blickt man in das Rhonetal und in die Saltinaschlucht. Wirklich sehenswert. H\u00f6he: 2005 m Land: Schweiz, Wallis\/Westschweiz Denzel-Nummer: 120 Selbst gefahren: 1996 2015 2023 &nbsp;<\/p>\n","protected":false},"author":1,"featured_media":2216,"comment_status":"closed","ping_status":"open","sticky":false,"template":"","format":"standard","meta":{"ngg_post_thumbnail":0,"footnotes":""},"categories":[6],"tags":[],"class_list":["post-323","post","type-post","status-publish","format-standard","has-post-thumbnail","hentry","category-schweiz"],"_links":{"self":[{"href":"https:\/\/alpentouren.net\/index.php?rest_route=\/wp\/v2\/posts\/323"}],"collection":[{"href":"https:\/\/alpentouren.net\/index.php?rest_route=\/wp\/v2\/posts"}],"about":[{"href":"https:\/\/alpentouren.net\/index.php?rest_route=\/wp\/v2\/types\/post"}],"author":[{"embeddable":true,"href":"https:\/\/alpentouren.net\/index.php?rest_route=\/wp\/v2\/users\/1"}],"replies":[{"embeddable":true,"href":"https:\/\/alpentouren.net\/index.php?rest_route=%2Fwp%2Fv2%2Fcomments&post=323"}],"version-history":[{"count":89,"href":"https:\/\/alpentouren.net\/index.php?rest_route=\/wp\/v2\/posts\/323\/revisions"}],"predecessor-version":[{"id":3491,"href":"https:\/\/alpentouren.net\/index.php?rest_route=\/wp\/v2\/posts\/323\/revisions\/3491"}],"wp:featuredmedia":[{"embeddable":true,"href":"https:\/\/alpentouren.net\/index.php?rest_route=\/wp\/v2\/media\/2216"}],"wp:attachment":[{"href":"https:\/\/alpentouren.net\/index.php?rest_route=%2Fwp%2Fv2%2Fmedia&parent=323"}],"wp:term":[{"taxonomy":"category","embeddable":true,"href":"https:\/\/alpentouren.net\/index.php?rest_route=%2Fwp%2Fv2%2Fcategories&post=323"},{"taxonomy":"post_tag","embeddable":true,"href":"https:\/\/alpentouren.net\/index.php?rest_route=%2Fwp%2Fv2%2Ftags&post=323"}],"curies":[{"name":"wp","href":"https:\/\/api.w.org\/{rel}","templated":true}]}}